{"id":78748,"date":"2025-02-04T08:24:11","date_gmt":"2025-02-04T07:24:11","guid":{"rendered":"https:\/\/www.maslesvinyes.com\/?p=78748"},"modified":"2025-02-04T08:59:34","modified_gmt":"2025-02-04T07:59:34","slug":"conservas-caseras-alimentacion-con-impacto","status":"publish","type":"post","link":"https:\/\/www.maslesvinyes.com\/es\/conservas-caseras-alimentacion-con-impacto\/","title":{"rendered":"Conservas Caseras: Alimentaci\u00f3n con impacto"},"content":{"rendered":"<div class=\"wpb-content-wrapper\"><p>[vc_row][vc_column][vc_column_text uncode_shortcode_id=\u00bb152940&#8243;]\u00a1Hoy os hablamos del poder que tiene tu despensa! Del impacto que tiene realizarse las propias conservas y organizar nuestra alimentaci\u00f3n teniendo en cuenta nuestra salud y la de nuestro entorno. Porque cultivar y producir alimentos es un acto pol\u00edtico muy potente, pero decidir comprar productos de temporada y de productoras cercanas y aprender a alargar su vida, transformarlos, almacenarlos y disfrutarlos durante todo el a\u00f1o tambi\u00e9n tiene un gran impacto y, adem\u00e1s, \u00a1es una maravilla!<\/p>\n<p>La soberan\u00eda alimentaria ha sido, desde los inicios del proyecto, una de nuestras metas hol\u00edsticas. No queremos ser autosuficientes ya que esto nos alejar\u00eda de los v\u00ednculos que hemos creado en el territorio y porque sentimos que, poder comprar productos a las vecinas y nosotros poder venderlos o intercambiarlos los que mejor producimos, \u00a1es un privilegio! Hace muchos a\u00f1os que hablamos de resiliencia y s\u00ed que tenemos claro que, poder decidir \u00bfc\u00f3mo te alimentas?, tiene un mayor impacto del que muchas veces somos conscientes. Nuestro plato puede ser un \u00abarma de regeneraci\u00f3n masiva\u00bb, tomar decisiones sobre qu\u00e9 comemos, c\u00f3mo y qui\u00e9n lo produce, y qu\u00e9 impacto tiene lo que consumimos nos da un gran poder personal.<br \/>\nY ese poder no s\u00f3lo lo tenemos las personas que tenemos la suerte y el privilegio de poder cultivar y producir la mayor parte de nuestros alimentos; ese poder lo tiene cualquier persona, ya que, una actividad que s\u00ed o s\u00ed hacemos, varias veces al d\u00eda, es comer. Cada decisi\u00f3n que tomamos a la hora de alimentarnos es una decisi\u00f3n claramente pol\u00edtica que ayuda o potencia un tipo de producci\u00f3n, una mirada hacia la tierra, una forma de relacionarnos con las personas y el entorno, una manera de cuidar nuestra salud y futuro etc.<\/p>\n<p>Hace muchos a\u00f1os que vamos acumulando aprendizajes tanto t\u00e9cnicos como pr\u00e1cticos que nos han llevado a tener una gran resiliencia alimentaria, a producir un 70% de nuestra alimentaci\u00f3n y, buena parte del resto, la que debemos comprar, poder decidir a quien le compramos. Hemos aprendido a planificar las producciones, a transformar y almacenar los excedentes, a hacer conservas seguras y muy sabrosas, a deshidratar, macerar y fermentar; \u00a1y ahora tenemos ganas de poder compartir este conocimiento con todas vosotras!<\/p>\n<p>El pasado mi\u00e9rcoles 22 de enero Febe y Ariadna ofrecieron un webinar en directo donde abrieron las puertas de nuestra despensa y contestaron a muchas preguntas.<\/p>\n<div class=\"lyte-wrapper fourthree\" title=\"Directo en la Despensa de Mas Les Vinyes\" style=\"width:640px;max-width:100%;margin:5px;\"><div class=\"lyMe\" id=\"WYL_Ju4iWv-t1TU\" itemprop=\"video\" itemscope itemtype=\"https:\/\/schema.org\/VideoObject\"><div><meta itemprop=\"thumbnailUrl\" content=\"https:\/\/www.maslesvinyes.com\/wp-content\/plugins\/wp-youtube-lyte\/lyteCache.php?origThumbUrl=https%3A%2F%2Fi.ytimg.com%2Fvi%2FJu4iWv-t1TU%2Fhqdefault.jpg\" \/><meta itemprop=\"embedURL\" content=\"https:\/\/www.youtube.com\/embed\/Ju4iWv-t1TU\" \/><meta itemprop=\"duration\" content=\"PT1H27M33S\" \/><meta itemprop=\"uploadDate\" content=\"2025-02-03T16:00:17Z\" \/><\/div><div id=\"lyte_Ju4iWv-t1TU\" data-src=\"https:\/\/www.maslesvinyes.com\/wp-content\/plugins\/wp-youtube-lyte\/lyteCache.php?origThumbUrl=https%3A%2F%2Fi.ytimg.com%2Fvi%2FJu4iWv-t1TU%2Fhqdefault.jpg\" class=\"pL\"><div class=\"tC\"><div class=\"tT\" itemprop=\"name\">Directo en la Despensa de Mas Les Vinyes<\/div><\/div><div class=\"play\"><\/div><div class=\"ctrl\"><div class=\"Lctrl\"><\/div><div class=\"Rctrl\"><\/div><\/div><\/div><noscript><a href=\"https:\/\/youtu.be\/Ju4iWv-t1TU\" rel=\"nofollow noopener\"><img decoding=\"async\" src=\"https:\/\/www.maslesvinyes.com\/wp-content\/plugins\/wp-youtube-lyte\/lyteCache.php?origThumbUrl=https%3A%2F%2Fi.ytimg.com%2Fvi%2FJu4iWv-t1TU%2F0.jpg\" alt=\"Directo en la Despensa de Mas Les Vinyes\" width=\"640\" height=\"460\" \/><br \/>Ver este v\u00eddeo en YouTube<\/a><\/noscript><meta itemprop=\"description\" content=\"Febe y Ariadna nos cuentan todos los secretos de la despensa de Les Vinyes, des de c\u00f3mo planifican la huerta para tener suficiente excedente para transformarlo o la organizaci\u00f3n de la despensa y los congeladores hasta cuales son algunas de las incoherencias en nuestra alimentaci\u00f3n. Si os interesa apuntaros a la formaci\u00f3n, https:\/\/go.hotmart.com\/V97678967P 00:00:00 Introducci\u00f3n 00:02:11 Motivaci\u00f3n 00:04:54 Previsi\u00f3n de la despensa 00:12:17 Organizaci\u00f3n 00:17:13 Secados y Deshidratados 00:26:52 Cereales 00:33:44 Congelados 00:40:59 Fermentos 00:50:00 Macerado en alcohol 01:08:56 Condiciones a controlar 01:21:49 Curso de la Huerta a la Despensa\"><\/div><\/div><div class=\"lL\" style=\"max-width:100%;width:640px;margin:5px;\"><\/div>\n<p>Adem\u00e1s, ya est\u00e1 disponible el curso \u00ab<a href=\"https:\/\/cursosmaslesvinyes.hotmart.host\/de-la-huerta-a-la-despensa-9f0a496c-2951-42c5-a8d4-7d7df1533e84\" rel=\"noopener\">De la Huerta al Despensa<\/a>\u00bb en el que os compartimos todos estos conocimientos con peque\u00f1os videos tem\u00e1ticos que os acercar\u00e1n al mundo de las conservas combinando teor\u00eda sobre seguridad alimentaria y posibles patolog\u00edas; las distintas t\u00e9cnicas de conserva; \u00a1y muchas recetas para poder hacer, de tu despensa, un espacio transformador lleno de delicias![\/vc_column_text][\/vc_column][\/vc_row]<\/p>\n<\/div>","protected":false},"excerpt":{"rendered":"<p>[vc_row][vc_column][vc_column_text uncode_shortcode_id=\u00bb152940&#8243;]\u00a1Hoy os hablamos del poder que tiene tu despensa! Del impacto que tiene realizarse las propias conservas y organizar [&hellip;]<\/p>\n","protected":false},"author":4,"featured_media":77549,"comment_status":"open","ping_status":"open","sticky":false,"template":"","format":"standard","meta":{"footnotes":""},"categories":[102],"tags":[],"class_list":["post-78748","post","type-post","status-publish","format-standard","has-post-thumbnail","hentry","category-general-es"],"_links":{"self":[{"href":"https:\/\/www.maslesvinyes.com\/es\/wp-json\/wp\/v2\/posts\/78748","targetHints":{"allow":["GET"]}}],"collection":[{"href":"https:\/\/www.maslesvinyes.com\/es\/wp-json\/wp\/v2\/posts"}],"about":[{"href":"https:\/\/www.maslesvinyes.com\/es\/wp-json\/wp\/v2\/types\/post"}],"author":[{"embeddable":true,"href":"https:\/\/www.maslesvinyes.com\/es\/wp-json\/wp\/v2\/users\/4"}],"replies":[{"embeddable":true,"href":"https:\/\/www.maslesvinyes.com\/es\/wp-json\/wp\/v2\/comments?post=78748"}],"version-history":[{"count":5,"href":"https:\/\/www.maslesvinyes.com\/es\/wp-json\/wp\/v2\/posts\/78748\/revisions"}],"predecessor-version":[{"id":78756,"href":"https:\/\/www.maslesvinyes.com\/es\/wp-json\/wp\/v2\/posts\/78748\/revisions\/78756"}],"wp:featuredmedia":[{"embeddable":true,"href":"https:\/\/www.maslesvinyes.com\/es\/wp-json\/wp\/v2\/media\/77549"}],"wp:attachment":[{"href":"https:\/\/www.maslesvinyes.com\/es\/wp-json\/wp\/v2\/media?parent=78748"}],"wp:term":[{"taxonomy":"category","embeddable":true,"href":"https:\/\/www.maslesvinyes.com\/es\/wp-json\/wp\/v2\/categories?post=78748"},{"taxonomy":"post_tag","embeddable":true,"href":"https:\/\/www.maslesvinyes.com\/es\/wp-json\/wp\/v2\/tags?post=78748"}],"curies":[{"name":"wp","href":"https:\/\/api.w.org\/{rel}","templated":true}]}}